{"id":780,"date":"2024-09-17T13:40:05","date_gmt":"2024-09-17T13:40:05","guid":{"rendered":"https:\/\/sv-stargarder.de\/?p=780"},"modified":"2024-09-17T13:40:07","modified_gmt":"2024-09-17T13:40:07","slug":"in-gedenken-an-gerhard-hahn","status":"publish","type":"post","link":"https:\/\/sv-stargarder.de\/?p=780","title":{"rendered":"In Gedenken an Gerhard Hahn"},"content":{"rendered":"\n<p>Uns erreichte die traurige Nachricht dass unser langj\u00e4hriges Ehrenmitglied<\/p>\n\n\n\n<p><strong>Gerhard Hahn <\/strong><\/p>\n\n\n\n<p>kurz vor seinem 85.Geburtstag am 10.Juli 2024 verstorben ist.<\/p>\n\n\n\n<p><\/p>\n\n\n\n<p>Gerhard trat 1979 in unseren Sonderverein, angeregt durch unseren langj\u00e4hrigen Vorsitzenden Franz Lecour, in den Sonderverein ein. Er widmete sich der Zucht der Ostpreu\u00dfischen Werfer in den verschiedensten Farbschl\u00e4gen. Mit seinen Tieren war er, sofern es ihm m\u00f6glich war, auf unseren Sonder- und Hauptsonderschauen vertreten und erzielte so manchen Erfolg. <\/p>\n\n\n\n<p>Auch nahm er an vielen Veranstaltung unseres Sondervereines teil und unterst\u00fctzte auch die Vorbereitungen der Veranstaltungen. Gerhard geh\u00f6rte als fester Bestandteil in unsere Mitte und wir werden ihn vermissen. <\/p>\n\n\n\n<p><\/p>\n\n\n\n<p>Wir verlieren mit Gerhard einen guten und langj\u00e4hrigen Zuchtfreund.<\/p>\n\n\n\n<p>Im Stillem Gedenken sind wir in diesen schweren Stunden mit seiner Familie.<\/p>\n\n\n\n<p><\/p>\n\n\n\n<figure class=\"wp-block-image size-large\"><img loading=\"lazy\" decoding=\"async\" width=\"1024\" height=\"678\" src=\"https:\/\/sv-stargarder.de\/wp-content\/uploads\/2024\/09\/DSC_0491-1024x678.jpg\" alt=\"\" class=\"wp-image-781\" srcset=\"https:\/\/sv-stargarder.de\/wp-content\/uploads\/2024\/09\/DSC_0491-1024x678.jpg 1024w, https:\/\/sv-stargarder.de\/wp-content\/uploads\/2024\/09\/DSC_0491-300x199.jpg 300w, https:\/\/sv-stargarder.de\/wp-content\/uploads\/2024\/09\/DSC_0491-768x509.jpg 768w, https:\/\/sv-stargarder.de\/wp-content\/uploads\/2024\/09\/DSC_0491-1536x1017.jpg 1536w, https:\/\/sv-stargarder.de\/wp-content\/uploads\/2024\/09\/DSC_0491-2048x1356.jpg 2048w\" sizes=\"auto, (max-width: 1024px) 100vw, 1024px\" \/><\/figure>\n","protected":false},"excerpt":{"rendered":"<p>Uns erreichte die traurige Nachricht dass unser langj\u00e4hriges Ehrenmitglied Gerhard Hahn kurz vor seinem 85.Geburtstag am 10.Juli 2024 verstorben ist. [&hellip;]<\/p>\n","protected":false},"author":1,"featured_media":135,"comment_status":"open","ping_status":"open","sticky":false,"template":"","format":"standard","meta":{"cybocfi_hide_featured_image":"yes","footnotes":""},"categories":[8],"tags":[],"class_list":["post-780","post","type-post","status-publish","format-standard","has-post-thumbnail","hentry","category-organisation"],"_links":{"self":[{"href":"https:\/\/sv-stargarder.de\/index.php?rest_route=\/wp\/v2\/posts\/780","targetHints":{"allow":["GET"]}}],"collection":[{"href":"https:\/\/sv-stargarder.de\/index.php?rest_route=\/wp\/v2\/posts"}],"about":[{"href":"https:\/\/sv-stargarder.de\/index.php?rest_route=\/wp\/v2\/types\/post"}],"author":[{"embeddable":true,"href":"https:\/\/sv-stargarder.de\/index.php?rest_route=\/wp\/v2\/users\/1"}],"replies":[{"embeddable":true,"href":"https:\/\/sv-stargarder.de\/index.php?rest_route=%2Fwp%2Fv2%2Fcomments&post=780"}],"version-history":[{"count":1,"href":"https:\/\/sv-stargarder.de\/index.php?rest_route=\/wp\/v2\/posts\/780\/revisions"}],"predecessor-version":[{"id":782,"href":"https:\/\/sv-stargarder.de\/index.php?rest_route=\/wp\/v2\/posts\/780\/revisions\/782"}],"wp:featuredmedia":[{"embeddable":true,"href":"https:\/\/sv-stargarder.de\/index.php?rest_route=\/wp\/v2\/media\/135"}],"wp:attachment":[{"href":"https:\/\/sv-stargarder.de\/index.php?rest_route=%2Fwp%2Fv2%2Fmedia&parent=780"}],"wp:term":[{"taxonomy":"category","embeddable":true,"href":"https:\/\/sv-stargarder.de\/index.php?rest_route=%2Fwp%2Fv2%2Fcategories&post=780"},{"taxonomy":"post_tag","embeddable":true,"href":"https:\/\/sv-stargarder.de\/index.php?rest_route=%2Fwp%2Fv2%2Ftags&post=780"}],"curies":[{"name":"wp","href":"https:\/\/api.w.org\/{rel}","templated":true}]}}